{"id":2868,"date":"2019-09-21T08:44:24","date_gmt":"2019-09-21T12:44:24","guid":{"rendered":"https:\/\/koe.com.co\/?p=2868"},"modified":"2019-09-24T17:16:29","modified_gmt":"2019-09-24T21:16:29","slug":"taller-orientacion-vocacional","status":"publish","type":"post","link":"https:\/\/koe.com.co\/v1\/estudiantes\/taller-orientacion-vocacional\/","title":{"rendered":"\u00bfPor qu\u00e9 tomar un taller de orientaci\u00f3n vocacional?"},"content":{"rendered":"\n<p>Elegir tu\ncarrera universitaria puede convertirse en todo un desaf\u00edo. Decidir por una que\ncumpla con tus expectativas, y que a la vez sea prometedora para tu futuro, puede\ngenerar incertidumbre y ansiedad. Sobre todo si no cuentas con las herramientas\npara tomar la decisi\u00f3n adecuada. Por ello, la <strong>orientaci\u00f3n vocacional<\/strong> es una excelente alternativa para que esta\ntarea no resulte tan abrumadora. Y para que se convierta en una nueva aventura\npara conocerte y comenzar con \u00e9xito tu vida universitaria. <\/p>\n\n\n\n<p>Compartimos contigo 3 razones por las cuales deber\u00edas tomar un taller de <strong>orientaci\u00f3n vocacional<\/strong>. As\u00ed tu elecci\u00f3n entre tantas <strong><a href=\"https:\/\/koe.com.co\/estudiantes\/carreras-universitarias-personalidad\/\" target=\"_blank\" rel=\"noreferrer noopener\" aria-label=\"carreras universitarias (opens in a new tab)\">carreras universitarias<\/a><\/strong> estar\u00e1 libre de estr\u00e9s y llena de certezas. <\/p>\n\n\n\n<ol><li><strong>Te ayuda a saber m\u00e1s de ti mismo: el autoconocimiento.<\/strong><\/li><\/ol>\n\n\n\n<p>\u00bfSabes qui\u00e9n\neres, cu\u00e1les son tus gustos y competencias? Lo primero que debes hacer para una\ncorrecta elecci\u00f3n de tu carrera universitaria es conocer m\u00e1s de ti mismo. La <strong>orientaci\u00f3n vocacional<\/strong> te permitir\u00e1\nreflexionar acerca de tus preferencias y expectativas. Pero tambi\u00e9n sobre tus\nhabilidades y fortalezas. <\/p>\n\n\n\n<p>El objetivo es\nque tomes una decisi\u00f3n basada en tus competencias. Estas influir\u00e1n en tu\nsatisfacci\u00f3n y desarrollo en el rumbo profesional que escojas. <\/p>\n\n\n\n<p>Responder a la\npregunta \u201cqu\u00e9 estudiar\u201d empieza por el autoconocimiento y la definici\u00f3n de lo\nque quieres ser y qu\u00e9 lugar quieres ocupar en la sociedad. As\u00ed lo asegura Mar\u00eda\nLaura Lorenzatti, responsable de Tutor\u00eda Gu\u00eda de la Universidad Blas Pascal\n(2016, enero 13). &nbsp;<\/p>\n\n\n\n<p>En este sentido,\ntomar un taller de <strong>orientaci\u00f3n\nvocacional<\/strong> puede propiciar el autoconocimiento, lo cual es importante para\nlograr la madurez vocacional. Esta, a su vez, influye en la satisfacci\u00f3n y el\ncompromiso con tus decisiones profesionales. <\/p>\n\n\n\n<ul><li><strong>Te orienta en la identificaci\u00f3n de la carrera universitaria id\u00f3nea\npara ti.<\/strong><\/li><\/ul>\n\n\n\n<p>\u201c\u00bfQu\u00e9 carrera\nuniversitaria debo escoger?\u201d. Seguramente esa es la pregunta que ronda en tu\ncabeza y no sabes c\u00f3mo responderla. Un taller de <strong>orientaci\u00f3n vocacional<\/strong> puede acompa\u00f1arte en la identificaci\u00f3n de la\ncarrera m\u00e1s id\u00f3nea para ti. Por supuesto, tomando en cuenta tu personalidad,\ntus aptitudes e intereses. As\u00ed como tambi\u00e9n los perfiles ocupacionales.<\/p>\n\n\n\n<p>Por ende, la <strong>orientaci\u00f3n vacacional<\/strong> no solo permitir\u00e1\nque descubras tus competencias. Tambi\u00e9n se interesar\u00e1 en que tengas la oportunidad\nde desarrollarlas. <\/p>\n\n\n\n<p>Para ello\nanaliza los aspectos personales que influir\u00e1n en tu profesi\u00f3n, adem\u00e1s de\nguiarte en el conocimiento de las carreras que te interesan, con el fin de que\ntu decisi\u00f3n profesional sea informada y cuidadosamente meditada. <\/p>\n\n\n\n<p>Asimismo, un\ntaller de <strong>orientaci\u00f3n vocacional<\/strong> te\nofrece un espacio para conocer la realidad del mercado laboral. Por ende, es\nuna herramienta para conocer el mundo laboral y los requerimientos que este\ntiene en cuanto a perfiles profesionales.<\/p>\n\n\n\n<ul><li><strong>Contribuye en la orientaci\u00f3n de tu proyecto de vida.<\/strong><\/li><\/ul>\n\n\n\n<p>Tomar una\ndecisi\u00f3n profesional es verdaderamente aterrador, pues no queremos dar pasos en\nfalso. Quiz\u00e1 tienes dudas sobre cu\u00e1l ser\u00e1 tu plan de vida. No sabes si la\ncarrera universitaria que est\u00e1s pensando elegir se adapta a tus expectativas.<\/p>\n\n\n\n<p>En tal caso, un\ntaller de <strong>orientaci\u00f3n vocacional<\/strong>\npuede guiarte para establecer tus metas y el camino que debes seguir para\nlograrlas. La idea es que puedas trazar tu rumbo. De esta forma, tendr\u00e1s claros\ntus objetivos y te sentir\u00e1s feliz al lograrlos. <\/p>\n\n\n\n<p>En fin, la <strong>orientaci\u00f3n vocacional<\/strong> puede ser muy\n\u00fatil en esta etapa de tu vida. As\u00ed que es una inversi\u00f3n en tu futuro. Te\nayudar\u00e1 a indagar m\u00e1s sobre las carreras que te gustan, sobre tus preferencias\ny habilidades. Tambi\u00e9n te permitir\u00e1 hacer elecciones acertadas y\nsatisfactorias. <\/p>\n\n\n\n<h4 class=\"wp-block-heading\"><strong>Referencias<\/strong> &nbsp;<\/h4>\n\n\n\n<p>Mar\u00eda Laura Lorenzatti (2016). Orientaci\u00f3n vocacional: los errores m\u00e1s comunes a la hora de elegir una carrera. Universidad Blas Pascal, C\u00f3rdoba, Argentina en Universia (2016, enero 13), Fundaci\u00f3n Universia, Universia Espa\u00f1a Red de Universidades, S.A., Madrid, Espa\u00f1a. Disponible en: <a href=\"http:\/\/noticias.universia.com.ar\/educacion\/noticia\/2016\/01\/13\/1135354\/orientacion-vocacional-errores-comunes-hora-elegir-carrera.html\" target=\"_blank\" rel=\"noreferrer noopener\" aria-label=\" (opens in a new tab)\">http:\/\/noticias.universia.com.ar\/educacion\/noticia\/2016\/01\/13\/1135354\/orientacion-vocacional-errores-comunes-hora-elegir-carrera.html<\/a><\/p>\n","protected":false},"excerpt":{"rendered":"<p>Elegir tu carrera universitaria puede convertirse en todo un desaf\u00edo. Decidir por una que cumpla con tus expectativas, y que a la vez sea prometedora para tu futuro, puede generar incertidumbre y ansiedad. Sobre todo si no cuentas con las herramientas para tomar la decisi\u00f3n adecuada. Por ello, la orientaci\u00f3n vocacional es una excelente alternativa [&hellip;]<\/p>\n","protected":false},"author":2,"featured_media":2869,"comment_status":"closed","ping_status":"closed","sticky":false,"template":"","format":"standard","meta":{"footnotes":""},"categories":[19],"tags":[],"yoast_head":"<!-- This site is optimized with the Yoast SEO plugin v21.0 - https:\/\/yoast.com\/wordpress\/plugins\/seo\/ -->\n<title>\u00bfPor qu\u00e9 tomar un taller de orientaci\u00f3n vocacional? 3 razones para tomar un taller de orientaci\u00f3n vocacional<\/title>\n<meta name=\"description\" content=\"La orientaci\u00f3n vocacional es una inversi\u00f3n en tu futuro. Fortalecer\u00e1 tu autoconocimiento y te aportar\u00e1 herramientas para hacer una elecci\u00f3n profesional acertada.\" \/>\n<meta name=\"robots\" content=\"index, follow, max-snippet:-1, max-image-preview:large, max-video-preview:-1\" \/>\n<link rel=\"canonical\" href=\"https:\/\/koe.com.co\/v1\/estudiantes\/taller-orientacion-vocacional\/\" \/>\n<meta property=\"og:locale\" content=\"es_ES\" \/>\n<meta property=\"og:type\" content=\"article\" \/>\n<meta property=\"og:title\" content=\"\u00bfPor qu\u00e9 tomar un taller de orientaci\u00f3n vocacional? 3 razones para tomar un taller de orientaci\u00f3n vocacional\" \/>\n<meta property=\"og:description\" content=\"La orientaci\u00f3n vocacional es una inversi\u00f3n en tu futuro. Fortalecer\u00e1 tu autoconocimiento y te aportar\u00e1 herramientas para hacer una elecci\u00f3n profesional acertada.\" \/>\n<meta property=\"og:url\" content=\"https:\/\/koe.com.co\/v1\/estudiantes\/taller-orientacion-vocacional\/\" \/>\n<meta property=\"og:site_name\" content=\"KOE Colombia\" \/>\n<meta property=\"article:published_time\" content=\"2019-09-21T12:44:24+00:00\" \/>\n<meta property=\"article:modified_time\" content=\"2019-09-24T21:16:29+00:00\" \/>\n<meta property=\"og:image\" content=\"https:\/\/koe.com.co\/v1\/wp-content\/uploads\/2019\/09\/orientacion-vocacional-512-1.jpg\" \/>\n\t<meta property=\"og:image:width\" content=\"512\" \/>\n\t<meta property=\"og:image:height\" content=\"512\" \/>\n\t<meta property=\"og:image:type\" content=\"image\/jpeg\" \/>\n<meta name=\"author\" content=\"KOE Colombia\" \/>\n<meta name=\"twitter:card\" content=\"summary_large_image\" \/>\n<meta name=\"twitter:label1\" content=\"Escrito por\" \/>\n\t<meta name=\"twitter:data1\" content=\"KOE Colombia\" \/>\n\t<meta name=\"twitter:label2\" content=\"Tiempo estimado de lectura\" \/>\n\t<meta name=\"twitter:data2\" content=\"3 minutos\" \/>\n<script type=\"application\/ld+json\" class=\"yoast-schema-graph\">{\"@context\":\"https:\/\/schema.org\",\"@graph\":[{\"@type\":\"Article\",\"@id\":\"https:\/\/koe.com.co\/v1\/estudiantes\/taller-orientacion-vocacional\/#article\",\"isPartOf\":{\"@id\":\"https:\/\/koe.com.co\/v1\/estudiantes\/taller-orientacion-vocacional\/\"},\"author\":{\"name\":\"KOE Colombia\",\"@id\":\"https:\/\/koe.com.co\/v1\/#\/schema\/person\/aa27e3c5599f1abdea08684a7f9a999f\"},\"headline\":\"\u00bfPor qu\u00e9 tomar un taller de orientaci\u00f3n vocacional?\",\"datePublished\":\"2019-09-21T12:44:24+00:00\",\"dateModified\":\"2019-09-24T21:16:29+00:00\",\"mainEntityOfPage\":{\"@id\":\"https:\/\/koe.com.co\/v1\/estudiantes\/taller-orientacion-vocacional\/\"},\"wordCount\":684,\"publisher\":{\"@id\":\"https:\/\/koe.com.co\/v1\/#organization\"},\"articleSection\":[\"Estudiantes\"],\"inLanguage\":\"es-CO\"},{\"@type\":\"WebPage\",\"@id\":\"https:\/\/koe.com.co\/v1\/estudiantes\/taller-orientacion-vocacional\/\",\"url\":\"https:\/\/koe.com.co\/v1\/estudiantes\/taller-orientacion-vocacional\/\",\"name\":\"\u00bfPor qu\u00e9 tomar un taller de orientaci\u00f3n vocacional? 3 razones para tomar un taller de orientaci\u00f3n vocacional\",\"isPartOf\":{\"@id\":\"https:\/\/koe.com.co\/v1\/#website\"},\"datePublished\":\"2019-09-21T12:44:24+00:00\",\"dateModified\":\"2019-09-24T21:16:29+00:00\",\"description\":\"La orientaci\u00f3n vocacional es una inversi\u00f3n en tu futuro. Fortalecer\u00e1 tu autoconocimiento y te aportar\u00e1 herramientas para hacer una elecci\u00f3n profesional acertada.\",\"breadcrumb\":{\"@id\":\"https:\/\/koe.com.co\/v1\/estudiantes\/taller-orientacion-vocacional\/#breadcrumb\"},\"inLanguage\":\"es-CO\",\"potentialAction\":[{\"@type\":\"ReadAction\",\"target\":[\"https:\/\/koe.com.co\/v1\/estudiantes\/taller-orientacion-vocacional\/\"]}]},{\"@type\":\"BreadcrumbList\",\"@id\":\"https:\/\/koe.com.co\/v1\/estudiantes\/taller-orientacion-vocacional\/#breadcrumb\",\"itemListElement\":[{\"@type\":\"ListItem\",\"position\":1,\"name\":\"Portada\",\"item\":\"https:\/\/koe.com.co\/v1\/\"},{\"@type\":\"ListItem\",\"position\":2,\"name\":\"\u00bfPor qu\u00e9 tomar un taller de orientaci\u00f3n vocacional?\"}]},{\"@type\":\"WebSite\",\"@id\":\"https:\/\/koe.com.co\/v1\/#website\",\"url\":\"https:\/\/koe.com.co\/v1\/\",\"name\":\"KOE Colombia\",\"description\":\"Mucho ma\u0301s que un curso de ingle\u0301s\",\"publisher\":{\"@id\":\"https:\/\/koe.com.co\/v1\/#organization\"},\"potentialAction\":[{\"@type\":\"SearchAction\",\"target\":{\"@type\":\"EntryPoint\",\"urlTemplate\":\"https:\/\/koe.com.co\/v1\/?s={search_term_string}\"},\"query-input\":\"required name=search_term_string\"}],\"inLanguage\":\"es-CO\"},{\"@type\":\"Organization\",\"@id\":\"https:\/\/koe.com.co\/v1\/#organization\",\"name\":\"COLOMBIA KOE S.A.S\",\"url\":\"https:\/\/koe.com.co\/v1\/\",\"logo\":{\"@type\":\"ImageObject\",\"inLanguage\":\"es-CO\",\"@id\":\"https:\/\/koe.com.co\/v1\/#\/schema\/logo\/image\/\",\"url\":\"https:\/\/koe.com.co\/wp-content\/uploads\/2021\/12\/png-logo.png\",\"contentUrl\":\"https:\/\/koe.com.co\/wp-content\/uploads\/2021\/12\/png-logo.png\",\"width\":909,\"height\":403,\"caption\":\"COLOMBIA KOE S.A.S\"},\"image\":{\"@id\":\"https:\/\/koe.com.co\/v1\/#\/schema\/logo\/image\/\"}},{\"@type\":\"Person\",\"@id\":\"https:\/\/koe.com.co\/v1\/#\/schema\/person\/aa27e3c5599f1abdea08684a7f9a999f\",\"name\":\"KOE Colombia\",\"image\":{\"@type\":\"ImageObject\",\"inLanguage\":\"es-CO\",\"@id\":\"https:\/\/koe.com.co\/v1\/#\/schema\/person\/image\/\",\"url\":\"https:\/\/secure.gravatar.com\/avatar\/b417f1550b628744781fc5dafa146ac7?s=96&d=mm&r=g\",\"contentUrl\":\"https:\/\/secure.gravatar.com\/avatar\/b417f1550b628744781fc5dafa146ac7?s=96&d=mm&r=g\",\"caption\":\"KOE Colombia\"},\"url\":\"https:\/\/koe.com.co\/v1\/author\/administradoryuly\/\"}]}<\/script>\n<!-- \/ Yoast SEO plugin. -->","yoast_head_json":{"title":"\u00bfPor qu\u00e9 tomar un taller de orientaci\u00f3n vocacional? 3 razones para tomar un taller de orientaci\u00f3n vocacional","description":"La orientaci\u00f3n vocacional es una inversi\u00f3n en tu futuro. Fortalecer\u00e1 tu autoconocimiento y te aportar\u00e1 herramientas para hacer una elecci\u00f3n profesional acertada.","robots":{"index":"index","follow":"follow","max-snippet":"max-snippet:-1","max-image-preview":"max-image-preview:large","max-video-preview":"max-video-preview:-1"},"canonical":"https:\/\/koe.com.co\/v1\/estudiantes\/taller-orientacion-vocacional\/","og_locale":"es_ES","og_type":"article","og_title":"\u00bfPor qu\u00e9 tomar un taller de orientaci\u00f3n vocacional? 3 razones para tomar un taller de orientaci\u00f3n vocacional","og_description":"La orientaci\u00f3n vocacional es una inversi\u00f3n en tu futuro. Fortalecer\u00e1 tu autoconocimiento y te aportar\u00e1 herramientas para hacer una elecci\u00f3n profesional acertada.","og_url":"https:\/\/koe.com.co\/v1\/estudiantes\/taller-orientacion-vocacional\/","og_site_name":"KOE Colombia","article_published_time":"2019-09-21T12:44:24+00:00","article_modified_time":"2019-09-24T21:16:29+00:00","og_image":[{"width":512,"height":512,"url":"https:\/\/koe.com.co\/v1\/wp-content\/uploads\/2019\/09\/orientacion-vocacional-512-1.jpg","type":"image\/jpeg"}],"author":"KOE Colombia","twitter_card":"summary_large_image","twitter_misc":{"Escrito por":"KOE Colombia","Tiempo estimado de lectura":"3 minutos"},"schema":{"@context":"https:\/\/schema.org","@graph":[{"@type":"Article","@id":"https:\/\/koe.com.co\/v1\/estudiantes\/taller-orientacion-vocacional\/#article","isPartOf":{"@id":"https:\/\/koe.com.co\/v1\/estudiantes\/taller-orientacion-vocacional\/"},"author":{"name":"KOE Colombia","@id":"https:\/\/koe.com.co\/v1\/#\/schema\/person\/aa27e3c5599f1abdea08684a7f9a999f"},"headline":"\u00bfPor qu\u00e9 tomar un taller de orientaci\u00f3n vocacional?","datePublished":"2019-09-21T12:44:24+00:00","dateModified":"2019-09-24T21:16:29+00:00","mainEntityOfPage":{"@id":"https:\/\/koe.com.co\/v1\/estudiantes\/taller-orientacion-vocacional\/"},"wordCount":684,"publisher":{"@id":"https:\/\/koe.com.co\/v1\/#organization"},"articleSection":["Estudiantes"],"inLanguage":"es-CO"},{"@type":"WebPage","@id":"https:\/\/koe.com.co\/v1\/estudiantes\/taller-orientacion-vocacional\/","url":"https:\/\/koe.com.co\/v1\/estudiantes\/taller-orientacion-vocacional\/","name":"\u00bfPor qu\u00e9 tomar un taller de orientaci\u00f3n vocacional? 3 razones para tomar un taller de orientaci\u00f3n vocacional","isPartOf":{"@id":"https:\/\/koe.com.co\/v1\/#website"},"datePublished":"2019-09-21T12:44:24+00:00","dateModified":"2019-09-24T21:16:29+00:00","description":"La orientaci\u00f3n vocacional es una inversi\u00f3n en tu futuro. Fortalecer\u00e1 tu autoconocimiento y te aportar\u00e1 herramientas para hacer una elecci\u00f3n profesional acertada.","breadcrumb":{"@id":"https:\/\/koe.com.co\/v1\/estudiantes\/taller-orientacion-vocacional\/#breadcrumb"},"inLanguage":"es-CO","potentialAction":[{"@type":"ReadAction","target":["https:\/\/koe.com.co\/v1\/estudiantes\/taller-orientacion-vocacional\/"]}]},{"@type":"BreadcrumbList","@id":"https:\/\/koe.com.co\/v1\/estudiantes\/taller-orientacion-vocacional\/#breadcrumb","itemListElement":[{"@type":"ListItem","position":1,"name":"Portada","item":"https:\/\/koe.com.co\/v1\/"},{"@type":"ListItem","position":2,"name":"\u00bfPor qu\u00e9 tomar un taller de orientaci\u00f3n vocacional?"}]},{"@type":"WebSite","@id":"https:\/\/koe.com.co\/v1\/#website","url":"https:\/\/koe.com.co\/v1\/","name":"KOE Colombia","description":"Mucho ma\u0301s que un curso de ingle\u0301s","publisher":{"@id":"https:\/\/koe.com.co\/v1\/#organization"},"potentialAction":[{"@type":"SearchAction","target":{"@type":"EntryPoint","urlTemplate":"https:\/\/koe.com.co\/v1\/?s={search_term_string}"},"query-input":"required name=search_term_string"}],"inLanguage":"es-CO"},{"@type":"Organization","@id":"https:\/\/koe.com.co\/v1\/#organization","name":"COLOMBIA KOE S.A.S","url":"https:\/\/koe.com.co\/v1\/","logo":{"@type":"ImageObject","inLanguage":"es-CO","@id":"https:\/\/koe.com.co\/v1\/#\/schema\/logo\/image\/","url":"https:\/\/koe.com.co\/wp-content\/uploads\/2021\/12\/png-logo.png","contentUrl":"https:\/\/koe.com.co\/wp-content\/uploads\/2021\/12\/png-logo.png","width":909,"height":403,"caption":"COLOMBIA KOE S.A.S"},"image":{"@id":"https:\/\/koe.com.co\/v1\/#\/schema\/logo\/image\/"}},{"@type":"Person","@id":"https:\/\/koe.com.co\/v1\/#\/schema\/person\/aa27e3c5599f1abdea08684a7f9a999f","name":"KOE Colombia","image":{"@type":"ImageObject","inLanguage":"es-CO","@id":"https:\/\/koe.com.co\/v1\/#\/schema\/person\/image\/","url":"https:\/\/secure.gravatar.com\/avatar\/b417f1550b628744781fc5dafa146ac7?s=96&d=mm&r=g","contentUrl":"https:\/\/secure.gravatar.com\/avatar\/b417f1550b628744781fc5dafa146ac7?s=96&d=mm&r=g","caption":"KOE Colombia"},"url":"https:\/\/koe.com.co\/v1\/author\/administradoryuly\/"}]}},"amp_enabled":true,"_links":{"self":[{"href":"https:\/\/koe.com.co\/v1\/wp-json\/wp\/v2\/posts\/2868"}],"collection":[{"href":"https:\/\/koe.com.co\/v1\/wp-json\/wp\/v2\/posts"}],"about":[{"href":"https:\/\/koe.com.co\/v1\/wp-json\/wp\/v2\/types\/post"}],"author":[{"embeddable":true,"href":"https:\/\/koe.com.co\/v1\/wp-json\/wp\/v2\/users\/2"}],"replies":[{"embeddable":true,"href":"https:\/\/koe.com.co\/v1\/wp-json\/wp\/v2\/comments?post=2868"}],"version-history":[{"count":2,"href":"https:\/\/koe.com.co\/v1\/wp-json\/wp\/v2\/posts\/2868\/revisions"}],"predecessor-version":[{"id":2877,"href":"https:\/\/koe.com.co\/v1\/wp-json\/wp\/v2\/posts\/2868\/revisions\/2877"}],"wp:featuredmedia":[{"embeddable":true,"href":"https:\/\/koe.com.co\/v1\/wp-json\/wp\/v2\/media\/2869"}],"wp:attachment":[{"href":"https:\/\/koe.com.co\/v1\/wp-json\/wp\/v2\/media?parent=2868"}],"wp:term":[{"taxonomy":"category","embeddable":true,"href":"https:\/\/koe.com.co\/v1\/wp-json\/wp\/v2\/categories?post=2868"},{"taxonomy":"post_tag","embeddable":true,"href":"https:\/\/koe.com.co\/v1\/wp-json\/wp\/v2\/tags?post=2868"}],"curies":[{"name":"wp","href":"https:\/\/api.w.org\/{rel}","templated":true}]}}